{"id":426,"date":"2022-02-01T11:45:32","date_gmt":"2022-02-01T10:45:32","guid":{"rendered":"https:\/\/www.kulturundkuenste.de\/?p=426"},"modified":"2022-02-06T09:59:44","modified_gmt":"2022-02-06T08:59:44","slug":"exkursion-nach-bonn","status":"publish","type":"post","link":"https:\/\/www.kulturundkuenste.de\/?p=426","title":{"rendered":"Sa 05.02.2022 &#8211; Exkursion nach Bonn"},"content":{"rendered":"\n<p>Diesen Samstag, den 5. Februar 2022, bietet der Verein Kultur &amp; K\u00fcnste kurzfristig eine Exkursion zur Bundeskunsthalle in Bonn an.<\/p>\n\n\n\n<p>Bastian Follmann, unser 2. Vorsitzender, bietet eine Insiderf\u00fchrung zur Ausstellung \u201eMethode Rainer Werner Fassbinder\u201c an. Er hat fr\u00fcher bei der Fassbinder-Foundation in Berlin gearbeitet, kennt viele Schauspieler und Mitarbeiter von Fassbinder pers\u00f6nlich und auch die Hintergr\u00fcnde, die in der Ausstellung nicht gezeigt werden.<\/p>\n\n\n\n<p>Wer also Lust hat, die Ausstellung \u00fcber den Filmregisseur Fassbinder aus einer anderen Perspektive zu erleben, sei hiermit herzlich eingeladen.<br>Die Teilnehmer tragen ihre Fahrtkosten und Eintrittsgelder (10\u20ac) selbst. Die enstprechenden Hygieneregeln sind zu beachten (2G und FFP2-Maske).<\/p>\n\n\n\n<p>Wer Interesse an der Teilnahme hat, m\u00f6ge sich bitte vorab bei mir melden:<br><a href=\"mailto:uwe.sippel@kulturundkuenste.de\">uwe.sippel@kulturundkuenste.de<\/a><\/p>\n\n\n\n<p>Weitere Informationen:<\/p>\n\n\n\n<p><a href=\"http:\/\/www.bundeskunsthalle.de\/fassbinder.html\">www.bundeskunsthalle.de\/fassbinder.html<\/a><\/p>\n","protected":false},"excerpt":{"rendered":"<p>Diesen Samstag, den 5. Februar 2022, bietet der Verein Kultur &amp; K\u00fcnste kurzfristig eine Exkursion zur Bundeskunsthalle in Bonn an. Bastian Follmann, unser 2. Vorsitzender, bietet eine Insiderf\u00fchrung zur Ausstellung \u201eMethode Rainer Werner Fassbinder\u201c an. Er hat fr\u00fcher bei der Fassbinder-Foundation in Berlin gearbeitet, kennt viele Schauspieler und Mitarbeiter von Fassbinder pers\u00f6nlich und auch die [&hellip;]<\/p>\n","protected":false},"author":1,"featured_media":425,"comment_status":"closed","ping_status":"closed","sticky":false,"template":"","format":"standard","meta":[],"categories":[15,10],"tags":[],"_links":{"self":[{"href":"https:\/\/www.kulturundkuenste.de\/index.php?rest_route=\/wp\/v2\/posts\/426"}],"collection":[{"href":"https:\/\/www.kulturundkuenste.de\/index.php?rest_route=\/wp\/v2\/posts"}],"about":[{"href":"https:\/\/www.kulturundkuenste.de\/index.php?rest_route=\/wp\/v2\/types\/post"}],"author":[{"embeddable":true,"href":"https:\/\/www.kulturundkuenste.de\/index.php?rest_route=\/wp\/v2\/users\/1"}],"replies":[{"embeddable":true,"href":"https:\/\/www.kulturundkuenste.de\/index.php?rest_route=%2Fwp%2Fv2%2Fcomments&post=426"}],"version-history":[{"count":6,"href":"https:\/\/www.kulturundkuenste.de\/index.php?rest_route=\/wp\/v2\/posts\/426\/revisions"}],"predecessor-version":[{"id":436,"href":"https:\/\/www.kulturundkuenste.de\/index.php?rest_route=\/wp\/v2\/posts\/426\/revisions\/436"}],"wp:featuredmedia":[{"embeddable":true,"href":"https:\/\/www.kulturundkuenste.de\/index.php?rest_route=\/wp\/v2\/media\/425"}],"wp:attachment":[{"href":"https:\/\/www.kulturundkuenste.de\/index.php?rest_route=%2Fwp%2Fv2%2Fmedia&parent=426"}],"wp:term":[{"taxonomy":"category","embeddable":true,"href":"https:\/\/www.kulturundkuenste.de\/index.php?rest_route=%2Fwp%2Fv2%2Fcategories&post=426"},{"taxonomy":"post_tag","embeddable":true,"href":"https:\/\/www.kulturundkuenste.de\/index.php?rest_route=%2Fwp%2Fv2%2Ftags&post=426"}],"curies":[{"name":"wp","href":"https:\/\/api.w.org\/{rel}","templated":true}]}}